{"id":302222,"date":"2026-02-17T15:27:43","date_gmt":"2026-02-17T13:27:43","guid":{"rendered":"https:\/\/www.rarom.ro\/?p=302222"},"modified":"2026-02-17T15:31:42","modified_gmt":"2026-02-17T13:31:42","slug":"mentiune-rar-a-emis-civ-asa-cum-se-specifica-in-comunicat-pentru-modelul-comercial-arora-s2-modelul-la-care-face-referire-mass-media","status":"publish","type":"post","link":"https:\/\/www.rarom.ro\/?p=302222","title":{"rendered":"Informare de pres\u0103"},"content":{"rendered":"\n<blockquote class=\"wp-block-quote is-layout-flow wp-block-quote-is-layout-flow\">\n<p>Men\u021biune: RAR a emis CIV, a\u0219a cum se specific\u0103 \u00een comunicat pentru modelul comercial ARORA S2, modelul la care face referire mass-media.<\/p>\n<\/blockquote>\n\n\n\n<p>Registrul Auto Rom\u00e2n a pus la dispozi\u0163ia Corpului de Control al Ministerului Transporturilor \u015fi Infrastructurii toate documentele \u015fi rapoartele pe care le de\u0163ine \u015fi care fac referire la cazul cvadriciclului u\u015for implicat \u00een incidentul din data de 13.02.2026.<\/p>\n\n\n\n<p>Preciz\u0103m c\u0103 p\u00e2n\u0103 \u00een acest moment, nicio autoritate nu a informat RAR cu privire la datele clare de identificare ale respectivului autovehicul. Potrivit informa\u0163iilor publice, reliefate \u015fi de mass media RAR ar putea identifica acest vehicul doar ca fiind unul din categoria european\u0103 L6e-BP care este omologat european de tip \u00een baza regulamentului Uniunii Europene nr. 168 din 2013, omologare care NU ESTE EMIS\u0102 DE RAR, ci de un alt stat membru UE.<\/p>\n\n\n\n<p><a href=\"https:\/\/www.rarom.ro\/wp-content\/uploads\/2026\/02\/raspuns-sesizare-RAR.pdf\" target=\"_blank\" rel=\"noreferrer noopener\">Cite\u0219te mai mult<\/a> \u2192<\/p>\n","protected":false},"excerpt":{"rendered":"<p>Men\u021biune: RAR a emis CIV, a\u0219a cum se specific\u0103 \u00een comunicat pentru modelul comercial ARORA S2, modelul la care face referire mass-media. Registrul Auto Rom\u00e2n a pus la dispozi\u0163ia Corpului de Control al Ministerului Transporturilor \u015fi Infrastructurii toate documentele \u015fi rapoartele pe care le de\u0163ine \u015fi care fac referire la cazul cvadriciclului u\u015for implicat \u00een [&hellip;]<\/p>\n","protected":false},"author":3,"featured_media":0,"comment_status":"closed","ping_status":"open","sticky":false,"template":"","format":"standard","meta":{"_acf_changed":false,"footnotes":""},"categories":[9],"tags":[],"class_list":["post-302222","post","type-post","status-publish","format-standard","hentry","category-informari"],"acf":[],"_links":{"self":[{"href":"https:\/\/www.rarom.ro\/index.php?rest_route=\/wp\/v2\/posts\/302222","targetHints":{"allow":["GET"]}}],"collection":[{"href":"https:\/\/www.rarom.ro\/index.php?rest_route=\/wp\/v2\/posts"}],"about":[{"href":"https:\/\/www.rarom.ro\/index.php?rest_route=\/wp\/v2\/types\/post"}],"author":[{"embeddable":true,"href":"https:\/\/www.rarom.ro\/index.php?rest_route=\/wp\/v2\/users\/3"}],"replies":[{"embeddable":true,"href":"https:\/\/www.rarom.ro\/index.php?rest_route=%2Fwp%2Fv2%2Fcomments&post=302222"}],"version-history":[{"count":4,"href":"https:\/\/www.rarom.ro\/index.php?rest_route=\/wp\/v2\/posts\/302222\/revisions"}],"predecessor-version":[{"id":302229,"href":"https:\/\/www.rarom.ro\/index.php?rest_route=\/wp\/v2\/posts\/302222\/revisions\/302229"}],"wp:attachment":[{"href":"https:\/\/www.rarom.ro\/index.php?rest_route=%2Fwp%2Fv2%2Fmedia&parent=302222"}],"wp:term":[{"taxonomy":"category","embeddable":true,"href":"https:\/\/www.rarom.ro\/index.php?rest_route=%2Fwp%2Fv2%2Fcategories&post=302222"},{"taxonomy":"post_tag","embeddable":true,"href":"https:\/\/www.rarom.ro\/index.php?rest_route=%2Fwp%2Fv2%2Ftags&post=302222"}],"curies":[{"name":"wp","href":"https:\/\/api.w.org\/{rel}","templated":true}]}}