{"id":294571,"date":"2015-09-11T10:06:00","date_gmt":"2015-09-11T07:06:00","guid":{"rendered":"https:\/\/www.rarom.ro\/?p=294571"},"modified":"2023-07-18T10:09:16","modified_gmt":"2023-07-18T07:09:16","slug":"aplicarea-placutei-cu-dimensiuni-si-mase-pe-vehicule-omt-1640-2012","status":"publish","type":"post","link":"https:\/\/www.rarom.ro\/?p=294571","title":{"rendered":"Aplicarea pl\u0103cu\u021bei cu dimensiuni \u0219i mase pe vehicule (OMT 1640\/2012)"},"content":{"rendered":"\n<p>RAR va stabili datele cu care urmeaz\u0103 a se inscrip\u0163iona pl\u0103cu\u0163a.<\/p>\n\n\n<p class=\"p1\" style=\"text-align: justify;\"><span class=\"s1\">\u00cen cazul \u00een care vehiculul dv. are montate din construc\u0163ie sau de c\u0103tre o autoritate competent\u0103 dintr-un alt stat UE pl\u0103cu\u0163e sau o pl\u0103cu\u0163\u0103 combinat\u0103 pe care sunt men\u0163ionate at\u00e2t masele c\u00e2t \u015fi dimensiunile sale, nu mai este necesar\u0103 confec\u0163ionarea unor alte pl\u0103cu\u0163e.<\/span><\/p>\n<p class=\"p2\" style=\"text-align: justify;\"><span class=\"s1\">Conform Directivei 96\/53 CE, pl\u0103cu\u0163ele cu mase \u015fi dimensiuni trebuie s\u0103 echipeze urm\u0103toarele categorii de vehicule:<\/span><\/p>\n<p class=\"p2\" style=\"text-align: justify;\"><span class=\"s1\">Autovehicule, remorci \u015fi semiremorci pentru transport marf\u0103 cu masa total\u0103 maxim\u0103 mai mare de 3500 kg (categorii N2, N3, O3, O4).<\/span><\/p>\n<p class=\"p2\" style=\"text-align: justify;\"><span class=\"s1\">Autovehicule pentru transport persoane cu mai mult de 9 locuri \u015fi remorcile tractate de acestea, indiferent de mas\u0103 (categorii M2, M3 \u015fi remorci O2, O3, O4 numai dac\u0103 sunt tractate de autovehicule din categoriile M2 sau M3).<\/span><\/p>\n<p class=\"p2\" style=\"text-align: justify;\"><span class=\"s1\"><b>Stabilirea se va face \u00een dou\u0103 moduri:<\/b><\/span><span class=\"s2\"><b><br><\/b><\/span><span class=\"s1\">1. Din baza de date, pentru autovehicule care nu au dispozitiv de tractare, dac\u0103 placu\u0163a constructor con\u0163ine toate masele maxime autorizate necesare, conform OMTI 1640\/2012. <\/span><span class=\"s3\">Aceste presta\u0163ii, care nu necesit\u0103 prezentarea la RAR a vehiculului, se efectueaz\u0103 la sediul RAR f\u0103r\u0103 programare prealabil\u0103<\/span><\/p>\n<p class=\"p2\" style=\"text-align: justify;\"><span class=\"s1\">De\u0163in\u0103torul va trebui s\u0103 prezinte o declara\u0163ie pe proprie r\u0103spundere conform c\u0103reia autovehiculele pentru care solicit\u0103 presta\u0163iile respective nu sunt dotate cu dispozitiv de tractare. Declara\u0163ia trebuie s\u0103 se refere la faptul c\u0103 dispozitivul nu exist\u0103 fizic pe autovehicul. Declara\u0163ii care atest\u0103 neutilizarea unui dispozitiv de tractare existent pe autovehicul nu vor fi luate \u00een considerare.<\/span><\/p>\n<p class=\"p2\" style=\"text-align: justify;\"><span class=\"s1\">De\u0163in\u0103torul trebuie s\u0103 verifice dac\u0103 pl\u0103cu\u0163a constructorului care con\u0163ine masele autovehiculului exist\u0103, dac\u0103 are \u00eenscrise toate masele necesare conform prevederilor OMTI 1640\/2012 \u015fi dac\u0103 acestea corespund cu cele din cartea de identitate a vehiculului (CIV). Dac\u0103 pl\u0103cu\u0163a nu exist\u0103, nu are toate datele necesare sau acestea nu corespund cu CIV, va trebui s\u0103 solicite \u015fi datele pentru pl\u0103cu\u0163a cu mase.<\/span><\/p>\n<p class=\"p2\" style=\"text-align: justify;\"><span class=\"s1\"><b>Documente necesare:<\/b><\/span><span class=\"s2\"><b><br><\/b><\/span><span class=\"s1\">&#8211; cartea de identitate a vehiculului \u00een original (\u00een cazul vehiculelor \u00een leasing, o copie a c\u0103r\u0163ii de identitate a vehiculului, cu \u015ftampila \u015fi semnatura de conformitate a societ\u0103\u0163ii de leasing);<\/span><\/p>\n<p class=\"p2\" style=\"text-align: justify;\"><span class=\"s1\">&#8211; actul de identitate al persoanei care solicit\u0103 presta\u0163ia;<\/span><\/p>\n<p class=\"p2\" style=\"text-align: justify;\"><span class=\"s1\">&#8211; declara\u0163ia pe proprie r\u0103spundere a de\u0163in\u0103torului, men\u0163ionat\u0103 mai sus;<\/span><\/p>\n<p class=\"p2\" style=\"text-align: justify;\">&#8211; cerere activitate RAR.<\/p>\n<p class=\"p2\" style=\"text-align: justify;\"><span class=\"s1\">2. Pentru toate celelalte vehicule (autovehicule cu dispozitiv de tractare, remorci, semiremorci), din baza de date \u015fi din m\u0103sur\u0103tori care vor fi <\/span><span class=\"s3\">efectuate la sediul reprezentan\u0163ei RAR sau la sediul de\u0163in\u0103torilor (deplasarea personalului RAR se face numai pentru un num\u0103r <b>minim de 5 vehicule<\/b> grupate \u00een acela\u015fi loc). <\/span><span class=\"s1\">Prezentarea vehiculului la sediul RAR se face pe baza unei <\/span><span class=\"s3\">program\u0103ri individuale<\/span><span class=\"s1\">, iar presta\u0163iile \u00een afara sediului RAR se vor efectua pe baz\u0103 de <\/span><span class=\"s3\">programare colectiv\u0103<\/span><span class=\"s1\">, stabilit\u0103 de c\u0103tre \u015feful de reprezentan\u0163\u0103 de comun acord cu de\u0163in\u0103torul \/ de\u0163in\u0103torii, la solicitarea scris\u0103 a acestora.<\/span><\/p>\n<p class=\"p2\" style=\"text-align: justify;\"><span class=\"s1\">Dup\u0103 determinarea datelor care vor fi inscrip\u0163ionate pe pl\u0103cu\u0163\u0103, RAR va transmite informatic furnizorului pl\u0103cu\u0163elor datele stabilite pentru fiecare vehicul \u015fi va elibera de\u0163in\u0103torului un document cu datele respective \u015fi cu datele de contact ale furnizorului pl\u0103cu\u0163elor (Fi\u015f\u0103 dimensiuni\/mase).<\/span><\/p>\n<p class=\"p2\" style=\"text-align: justify;\"><span class=\"s1\"><b>Documente necesare:<\/b><\/span><span class=\"s2\"><b><br><\/b><\/span><span class=\"s1\">&#8211; cartea de identitate a vehiculului \u00een original (\u00een cazul vehiculelor \u00een leasing, o copie a c\u0103r\u0163ii de identitate a vehiculului, cu \u015ftampila \u015fi semnatura de conformitate a societ\u0103\u0163ii de leasing);<\/span><\/p>\n<p class=\"p2\" style=\"text-align: justify;\"><span class=\"s1\">&#8211; actul de identitate al persoanei care solicit\u0103 presta\u0163ia;<\/span><\/p>\n<p class=\"p2\" style=\"text-align: justify;\">&#8211; cerere activitate RAR.<\/p>\n<p class=\"p2\" style=\"text-align: justify;\"><span class=\"s1\">Ulterior, <b>transportatorul va contacta furnizorul de pl\u0103cu\u0163e pentru a le comanda \u015fi pentru a intra \u00een posesia acestora, \u00eempreun\u0103 cu instruc\u0163iunile de aplicare pe vehicul.<\/b><\/span><span class=\"s2\"><b><br><\/b><\/span><\/p>\n<p class=\"p2\" style=\"text-align: justify;\"><span class=\"s1\">Costul pl\u0103cu\u0163elor propriu zise (inclusiv costul expedi\u0163iei) se achit\u0103 furnizorului acestora.<\/span><\/p>\n<p class=\"p2\"><span class=\"s1\"><b>Informa\u0163ii suplimentare: <\/b><\/span><span class=\"s2\"><b><br><\/b><\/span><span class=\"s1\">Telefon\/fax: 021.318.17.73<\/span><\/p>\n<p class=\"p3\"><span class=\"s4\">E-mail:&nbsp;<a href=\"mailto:doiit@rarom.ro\" target=\"_blank\" rel=\"noopener noreferrer\">doiit<span class=\"s5\">@rarom.ro<\/span><\/a><\/span><\/p>\n<p class=\"p3\"><img loading=\"lazy\" decoding=\"async\" class=\"size-full wp-image-1069 aligncenter\" src=\"https:\/\/www.rarom.ro\/wp-content\/uploads\/2015\/10\/placuta_4.png\" alt=\"placuta_4\" width=\"554\" height=\"330\" srcset=\"https:\/\/www.rarom.ro\/wp-content\/uploads\/2015\/10\/placuta_4.png 554w, https:\/\/www.rarom.ro\/wp-content\/uploads\/2015\/10\/placuta_4-300x179.png 300w\" sizes=\"auto, (max-width: 554px) 100vw, 554px\" \/><\/p>\n<p class=\"p3\"><a href=\"https:\/\/www.rarom.ro\/wp-content\/uploads\/2015\/10\/placuta_3.png\"><img loading=\"lazy\" decoding=\"async\" class=\"size-large wp-image-1071 aligncenter\" src=\"https:\/\/www.rarom.ro\/wp-content\/uploads\/2015\/10\/placuta_3.png\" alt=\"placuta_3\" width=\"554\" height=\"330\" srcset=\"https:\/\/www.rarom.ro\/wp-content\/uploads\/2015\/10\/placuta_3.png 554w, https:\/\/www.rarom.ro\/wp-content\/uploads\/2015\/10\/placuta_3-300x179.png 300w\" sizes=\"auto, (max-width: 554px) 100vw, 554px\" \/><\/a><\/p>\n<p class=\"p3\"><a href=\"https:\/\/www.rarom.ro\/wp-content\/uploads\/2015\/10\/placuta_2.png\"><img loading=\"lazy\" decoding=\"async\" class=\"size-large wp-image-1073 aligncenter\" src=\"https:\/\/www.rarom.ro\/wp-content\/uploads\/2015\/10\/placuta_2.png\" alt=\"placuta_2\" width=\"554\" height=\"330\" srcset=\"https:\/\/www.rarom.ro\/wp-content\/uploads\/2015\/10\/placuta_2.png 554w, https:\/\/www.rarom.ro\/wp-content\/uploads\/2015\/10\/placuta_2-300x179.png 300w\" sizes=\"auto, (max-width: 554px) 100vw, 554px\" \/><\/a><\/p>\n<p class=\"p3\"><a href=\"https:\/\/www.rarom.ro\/wp-content\/uploads\/2015\/10\/placuta_1.png\"><img loading=\"lazy\" decoding=\"async\" class=\"size-large wp-image-1075 aligncenter\" src=\"https:\/\/www.rarom.ro\/wp-content\/uploads\/2015\/10\/placuta_1.png\" alt=\"placuta_1\" width=\"554\" height=\"330\" srcset=\"https:\/\/www.rarom.ro\/wp-content\/uploads\/2015\/10\/placuta_1.png 554w, https:\/\/www.rarom.ro\/wp-content\/uploads\/2015\/10\/placuta_1-300x179.png 300w\" sizes=\"auto, (max-width: 554px) 100vw, 554px\" \/><\/a><\/p>","protected":false},"excerpt":{"rendered":"<p>RAR va stabili datele cu care urmeaz\u0103 a se inscrip\u0163iona pl\u0103cu\u0163a. \u00cen cazul \u00een care vehiculul dv. are montate din construc\u0163ie sau de c\u0103tre o autoritate competent\u0103 dintr-un alt stat UE pl\u0103cu\u0163e sau o pl\u0103cu\u0163\u0103 combinat\u0103 pe care sunt men\u0163ionate at\u00e2t masele c\u00e2t \u015fi dimensiunile sale, nu mai este necesar\u0103 confec\u0163ionarea unor alte pl\u0103cu\u0163e. Conform [&hellip;]<\/p>\n","protected":false},"author":3,"featured_media":0,"comment_status":"closed","ping_status":"open","sticky":false,"template":"","format":"standard","meta":{"_acf_changed":false,"footnotes":""},"categories":[9],"tags":[],"class_list":["post-294571","post","type-post","status-publish","format-standard","hentry","category-informari"],"acf":[],"_links":{"self":[{"href":"https:\/\/www.rarom.ro\/index.php?rest_route=\/wp\/v2\/posts\/294571","targetHints":{"allow":["GET"]}}],"collection":[{"href":"https:\/\/www.rarom.ro\/index.php?rest_route=\/wp\/v2\/posts"}],"about":[{"href":"https:\/\/www.rarom.ro\/index.php?rest_route=\/wp\/v2\/types\/post"}],"author":[{"embeddable":true,"href":"https:\/\/www.rarom.ro\/index.php?rest_route=\/wp\/v2\/users\/3"}],"replies":[{"embeddable":true,"href":"https:\/\/www.rarom.ro\/index.php?rest_route=%2Fwp%2Fv2%2Fcomments&post=294571"}],"version-history":[{"count":2,"href":"https:\/\/www.rarom.ro\/index.php?rest_route=\/wp\/v2\/posts\/294571\/revisions"}],"predecessor-version":[{"id":294573,"href":"https:\/\/www.rarom.ro\/index.php?rest_route=\/wp\/v2\/posts\/294571\/revisions\/294573"}],"wp:attachment":[{"href":"https:\/\/www.rarom.ro\/index.php?rest_route=%2Fwp%2Fv2%2Fmedia&parent=294571"}],"wp:term":[{"taxonomy":"category","embeddable":true,"href":"https:\/\/www.rarom.ro\/index.php?rest_route=%2Fwp%2Fv2%2Fcategories&post=294571"},{"taxonomy":"post_tag","embeddable":true,"href":"https:\/\/www.rarom.ro\/index.php?rest_route=%2Fwp%2Fv2%2Ftags&post=294571"}],"curies":[{"name":"wp","href":"https:\/\/api.w.org\/{rel}","templated":true}]}}