{"id":294534,"date":"2021-11-25T08:52:00","date_gmt":"2021-11-25T06:52:00","guid":{"rendered":"https:\/\/www.rarom.ro\/?p=294534"},"modified":"2023-07-18T08:54:01","modified_gmt":"2023-07-18T05:54:01","slug":"anunt-privind-eliberarea-avizului-de-mediu-pentru-p-u-z-r-a-r-cluj-si-centru-zonal","status":"publish","type":"post","link":"https:\/\/www.rarom.ro\/?p=294534","title":{"rendered":"Anun\u021b privind eliberarea avizului de mediu pentru P.U.Z. &#8211; R.A.R. Cluj \u0219i Centru zonal"},"content":{"rendered":"<p style=\"text-align: justify;\"><strong>REGISTRUL AUTO ROM\u00c2N- R.A.,<\/strong> \u00een calitate de titular, anun\u021b\u0103 publicul interesat asupra declan\u0219\u0103rii etapei de \u00eencadrare, conform H.G. nr. 1076\/2004, <strong>\u00een vederea ob\u021binerii avizului de mediu<\/strong> pentru <em>\u201cP.U.Z. pentru construire sediu reprezentan\u021ba R.A.R. Cluj \u0219i Centru zonal, copertin\u0103 auto, cabin\u0103 poart\u0103, c\u0103i de acces auto \u0219i pietonale, sistematizare vertical\u0103, amenaj\u0103ri exterioare, \u00eemprejmuire, bran\u0219amente la utilit\u0103\u021bi \u0219i organizare \u0219antier\u201d<\/em> \u00een comuna Apahida, str. Libert\u0103\u021bii, fn, CF nr. 64925, jud. Cluj.<\/p>\n<p style=\"text-align: justify;\">Prima versiune a P.U.Z. poate fi consultat\u0103 la sediul Registrul Auto Rom\u00e2n \u2013 R.A. \u00een GIL\u0102U, DN 1- E 60, nr. 1A, jude\u021bul Cluj \u00een zilele de luni \u2013 vineri, \u00eentre orele 8:00 \u2013 16:00, din data 25.11.2021.<\/p>\n<p style=\"text-align: justify;\">Publicul interesat poate transmite, \u00een scris, comentarii \u0219i sugestii, p\u00e2n\u0103 la data de 27.12.2021, la APM Cluj, Calea Doroban\u021bilor nr. 99, blocul 9B, cod 400609, tel. 0264 \u2013 410722, fax 0264 \u2013 412914, e-mail: <a href=\"mailto:office@apmcj.anpm.ro\" target=\"_blank\" rel=\"noopener noreferrer\">office@apmcj.anpm.ro<\/a><\/p>\n","protected":false},"excerpt":{"rendered":"<p>REGISTRUL AUTO ROM\u00c2N- R.A., \u00een calitate de titular, anun\u021b\u0103 publicul interesat asupra declan\u0219\u0103rii etapei de \u00eencadrare, conform H.G. nr. 1076\/2004, \u00een vederea ob\u021binerii avizului de mediu pentru \u201cP.U.Z. pentru construire sediu reprezentan\u021ba R.A.R. Cluj \u0219i Centru zonal, copertin\u0103 auto, cabin\u0103 poart\u0103, c\u0103i de acces auto \u0219i pietonale, sistematizare vertical\u0103, amenaj\u0103ri exterioare, \u00eemprejmuire, bran\u0219amente la utilit\u0103\u021bi [&hellip;]<\/p>\n","protected":false},"author":3,"featured_media":0,"comment_status":"closed","ping_status":"open","sticky":false,"template":"","format":"standard","meta":{"_acf_changed":false,"footnotes":""},"categories":[9],"tags":[],"class_list":["post-294534","post","type-post","status-publish","format-standard","hentry","category-informari"],"acf":[],"_links":{"self":[{"href":"https:\/\/www.rarom.ro\/index.php?rest_route=\/wp\/v2\/posts\/294534","targetHints":{"allow":["GET"]}}],"collection":[{"href":"https:\/\/www.rarom.ro\/index.php?rest_route=\/wp\/v2\/posts"}],"about":[{"href":"https:\/\/www.rarom.ro\/index.php?rest_route=\/wp\/v2\/types\/post"}],"author":[{"embeddable":true,"href":"https:\/\/www.rarom.ro\/index.php?rest_route=\/wp\/v2\/users\/3"}],"replies":[{"embeddable":true,"href":"https:\/\/www.rarom.ro\/index.php?rest_route=%2Fwp%2Fv2%2Fcomments&post=294534"}],"version-history":[{"count":1,"href":"https:\/\/www.rarom.ro\/index.php?rest_route=\/wp\/v2\/posts\/294534\/revisions"}],"predecessor-version":[{"id":294535,"href":"https:\/\/www.rarom.ro\/index.php?rest_route=\/wp\/v2\/posts\/294534\/revisions\/294535"}],"wp:attachment":[{"href":"https:\/\/www.rarom.ro\/index.php?rest_route=%2Fwp%2Fv2%2Fmedia&parent=294534"}],"wp:term":[{"taxonomy":"category","embeddable":true,"href":"https:\/\/www.rarom.ro\/index.php?rest_route=%2Fwp%2Fv2%2Fcategories&post=294534"},{"taxonomy":"post_tag","embeddable":true,"href":"https:\/\/www.rarom.ro\/index.php?rest_route=%2Fwp%2Fv2%2Ftags&post=294534"}],"curies":[{"name":"wp","href":"https:\/\/api.w.org\/{rel}","templated":true}]}}