{"id":293649,"date":"2023-06-29T22:06:00","date_gmt":"2023-06-29T19:06:00","guid":{"rendered":"https:\/\/81.196.106.21\/?p=293649"},"modified":"2023-06-30T09:30:48","modified_gmt":"2023-06-30T06:30:48","slug":"293649","status":"publish","type":"post","link":"https:\/\/www.rarom.ro\/?p=293649","title":{"rendered":"Comunicat de pres\u0103"},"content":{"rendered":"\n<p>Ca urmare a inform\u0103rii IPJ Ilfov privind unele ac\u021biuni de cercetare derulate \u00een cadrul unor institu\u021bii, Biroul de Pres\u0103 al Registrului Auto Rom\u00e2n face urm\u0103toarele preciz\u0103ri:<\/p>\n\n\n\n<p>Conducerea RAR nu a fost informat\u0103 p\u00e2n\u0103 \u00een acest moment de implicarea vreunui angajat \u00een s\u0103v\u00e2r\u0219irea unor fapte de natur\u0103 penal\u0103 \u00een leg\u0103tur\u0103 cu cercet\u0103rile efectuate.<\/p>\n\n\n\n<p>RAR acord\u0103 tot sprijinul autorit\u0103\u021bilor pentru buna desf\u0103\u0219urare a anchetei \u0219i a pus la dispozi\u021bia procurorilor actele solicitate.<\/p>\n\n\n\n<p>Registrul Auto Rom\u00e2n se dezice de orice activit\u0103\u021bi care se deruleaz\u0103 dincolo de cadrul legal \u0219i reitereaz\u0103 toleran\u021ba zero fa\u021b\u0103 de aceste aspecte.<\/p>\n\n\n\n<p>RAR va lua toate m\u0103surile necesare de sanc\u021bionare a oric\u0103ror persoane, angajate ale institu\u021biei, \u00een cazul \u00een care, conform procedurilor \u00een vigoare, se va ajunge la concluzia c\u0103 exist\u0103 implic\u0103ri \u00een acest sens.<\/p>\n\n\n\n<p>Pe parcursul derul\u0103rii anchetei, RAR nu este abilitat s\u0103 comenteze spe\u021ba sau s\u0103 furnizeze informa\u021bii.<\/p>\n\n\n\n<p>Biroul de presa<\/p>\n","protected":false},"excerpt":{"rendered":"<p>Ca urmare a inform\u0103rii IPJ Ilfov privind unele ac\u021biuni de cercetare derulate \u00een cadrul unor institu\u021bii, Biroul de Pres\u0103 al Registrului Auto Rom\u00e2n face urm\u0103toarele preciz\u0103ri: Conducerea RAR nu a fost informat\u0103 p\u00e2n\u0103 \u00een acest moment de implicarea vreunui angajat \u00een s\u0103v\u00e2r\u0219irea unor fapte de natur\u0103 penal\u0103 \u00een leg\u0103tur\u0103 cu cercet\u0103rile efectuate. RAR acord\u0103 tot [&hellip;]<\/p>\n","protected":false},"author":3,"featured_media":0,"comment_status":"closed","ping_status":"open","sticky":false,"template":"","format":"standard","meta":{"_acf_changed":false,"footnotes":""},"categories":[8],"tags":[],"class_list":["post-293649","post","type-post","status-publish","format-standard","hentry","category-comunicate-de-presa"],"acf":[],"_links":{"self":[{"href":"https:\/\/www.rarom.ro\/index.php?rest_route=\/wp\/v2\/posts\/293649","targetHints":{"allow":["GET"]}}],"collection":[{"href":"https:\/\/www.rarom.ro\/index.php?rest_route=\/wp\/v2\/posts"}],"about":[{"href":"https:\/\/www.rarom.ro\/index.php?rest_route=\/wp\/v2\/types\/post"}],"author":[{"embeddable":true,"href":"https:\/\/www.rarom.ro\/index.php?rest_route=\/wp\/v2\/users\/3"}],"replies":[{"embeddable":true,"href":"https:\/\/www.rarom.ro\/index.php?rest_route=%2Fwp%2Fv2%2Fcomments&post=293649"}],"version-history":[{"count":3,"href":"https:\/\/www.rarom.ro\/index.php?rest_route=\/wp\/v2\/posts\/293649\/revisions"}],"predecessor-version":[{"id":293652,"href":"https:\/\/www.rarom.ro\/index.php?rest_route=\/wp\/v2\/posts\/293649\/revisions\/293652"}],"wp:attachment":[{"href":"https:\/\/www.rarom.ro\/index.php?rest_route=%2Fwp%2Fv2%2Fmedia&parent=293649"}],"wp:term":[{"taxonomy":"category","embeddable":true,"href":"https:\/\/www.rarom.ro\/index.php?rest_route=%2Fwp%2Fv2%2Fcategories&post=293649"},{"taxonomy":"post_tag","embeddable":true,"href":"https:\/\/www.rarom.ro\/index.php?rest_route=%2Fwp%2Fv2%2Ftags&post=293649"}],"curies":[{"name":"wp","href":"https:\/\/api.w.org\/{rel}","templated":true}]}}