{"id":292542,"date":"2023-06-20T11:45:12","date_gmt":"2023-06-20T08:45:12","guid":{"rendered":"https:\/\/81.196.106.21\/?p=292542"},"modified":"2025-01-22T12:11:21","modified_gmt":"2025-01-22T10:11:21","slug":"reprezentanta-sibiu","status":"publish","type":"post","link":"https:\/\/www.rarom.ro\/?p=292542","title":{"rendered":"Reprezentan\u021ba Sibiu"},"content":{"rendered":"\n<p><\/p>\n\n\n\n<div class=\"wp-block-group\"><div class=\"wp-block-group__inner-container is-layout-constrained wp-block-group-is-layout-constrained\">\n<div class=\"wp-block-columns is-layout-flex wp-container-core-columns-is-layout-9d6595d7 wp-block-columns-is-layout-flex\">\n<div class=\"wp-block-column is-layout-flow wp-block-column-is-layout-flow\" style=\"flex-basis:33.33%\"><div class=\"wp-block-image is-style-rounded\">\n<figure class=\"aligncenter size-full\"><a href=\"https:\/\/www.rarom.ro\/wp-content\/uploads\/2023\/09\/SB-Bogdan-BARBU.jpg\"><img loading=\"lazy\" decoding=\"async\" width=\"170\" height=\"170\" src=\"https:\/\/www.rarom.ro\/wp-content\/uploads\/2023\/09\/SB-Bogdan-BARBU.jpg\" alt=\"\" class=\"wp-image-295508\" srcset=\"https:\/\/www.rarom.ro\/wp-content\/uploads\/2023\/09\/SB-Bogdan-BARBU.jpg 170w, https:\/\/www.rarom.ro\/wp-content\/uploads\/2023\/09\/SB-Bogdan-BARBU-150x150.jpg 150w, https:\/\/www.rarom.ro\/wp-content\/uploads\/2023\/09\/SB-Bogdan-BARBU-85x85.jpg 85w, https:\/\/www.rarom.ro\/wp-content\/uploads\/2023\/09\/SB-Bogdan-BARBU-60x60.jpg 60w, https:\/\/www.rarom.ro\/wp-content\/uploads\/2023\/09\/SB-Bogdan-BARBU-16x16.jpg 16w\" sizes=\"auto, (max-width: 170px) 100vw, 170px\" \/><\/a><\/figure><\/div>\n\n\n<div style=\"height:20px\" aria-hidden=\"true\" class=\"wp-block-spacer\"><\/div>\n\n\n\n<p class=\"has-text-align-center\"><strong>Bogdan BARBU<\/strong><br><em>\u0218ef reprezentan\u021b\u0103<\/em><\/p>\n<\/div>\n\n\n\n<div class=\"wp-block-column is-layout-flow wp-block-column-is-layout-flow\" style=\"flex-basis:66.66%\">\n<p><strong>Adresa:<\/strong> \u015eoseaua Alba Iulia nr. 154<br>Municipiul Sibiu, Jude\u021b Sibiu<\/p>\n\n\n\n<hr>\n\n\n\n<p><strong>Informa\u021bii<\/strong><br>Tel.: 0269.253.119<br>Fax: 0269 253 003<\/p>\n\n\n\n<hr>\n\n\n\n<p><strong><strong>Program\u0103ri<\/strong> <strong>\u0219i Informa\u021bii generale<\/strong><\/strong><br>021 \/ 9672 <em>* Tarif normal RCS &amp; RDS<\/em><\/p>\n\n\n\n<hr>\n\n\n\n<p><strong>Program cu publicul:<\/strong><br>Luni-Joi: 08:00 &#8211; 16:30<br>Vineri: 08:00 &#8211; 14:00<\/p>\n\n\n\n<hr>\n\n\n\n<p><strong><a href=\"https:\/\/www.rarom.ro\/?page_id=16\">Formular de contact<\/a><\/strong><\/p>\n\n\n\n<hr>\n<\/div>\n<\/div>\n<\/div><\/div>\n\n\n\n<div class=\"wp-block-columns is-layout-flex wp-container-core-columns-is-layout-9d6595d7 wp-block-columns-is-layout-flex\">\n<div class=\"wp-block-column is-layout-flow wp-block-column-is-layout-flow\" style=\"flex-basis:33.33%\"><div class=\"wp-block-image is-style-default wp-duotone-000000-ffffff-1\">\n<figure class=\"aligncenter size-full\"><img loading=\"lazy\" decoding=\"async\" width=\"250\" height=\"160\" src=\"https:\/\/www.rarom.ro\/wp-content\/uploads\/2025\/01\/RAR-Sibiu-galerie-2.png\" alt=\"\" class=\"wp-image-298744\"\/><\/figure><\/div>\n\n\n<div style=\"height:14px\" aria-hidden=\"true\" class=\"wp-block-spacer\"><\/div>\n\n\n\n<p class=\"has-text-align-center\"><em><a href=\"https:\/\/www.rarom.ro\/?p=292648\">Galerie foto<\/a><\/em><\/p>\n<\/div>\n\n\n\n<div class=\"wp-block-column is-vertically-aligned-top is-layout-flow wp-block-column-is-layout-flow\" style=\"flex-basis:66.66%\">\n<p><span style=\"color: #ff0000;\"><strong>Informa\u0163ie important\u0103!<\/strong><\/span><\/p>\n\n\n\n<p><span style=\"color: #000000;\">Ultimul interval de 30 de minute al programului de lucru cu publicul este destinat finaliz\u0103rii activit\u0103\u021bilor deja efectuate \u0219i eliber\u0103rii documentelor specifice, f\u0103r\u0103 a se ini\u021bia activit\u0103\u021bi noi.<\/span><\/p>\n<\/div>\n<\/div>\n","protected":false},"excerpt":{"rendered":"<p>Bogdan BARBU\u0218ef reprezentan\u021b\u0103 Adresa: \u015eoseaua Alba Iulia nr. 154Municipiul Sibiu, Jude\u021b Sibiu Informa\u021biiTel.: 0269.253.119Fax: 0269 253 003 Program\u0103ri \u0219i Informa\u021bii generale021 \/ 9672 * Tarif normal RCS &amp; RDS Program cu publicul:Luni-Joi: 08:00 &#8211; 16:30Vineri: 08:00 &#8211; 14:00 Formular de contact Galerie foto Informa\u0163ie important\u0103! Ultimul interval de 30 de minute al programului de lucru [&hellip;]<\/p>\n","protected":false},"author":3,"featured_media":0,"comment_status":"closed","ping_status":"open","sticky":false,"template":"","format":"standard","meta":{"_acf_changed":false,"footnotes":""},"categories":[27],"tags":[],"class_list":["post-292542","post","type-post","status-publish","format-standard","hentry","category-reprezentante"],"acf":[],"_links":{"self":[{"href":"https:\/\/www.rarom.ro\/index.php?rest_route=\/wp\/v2\/posts\/292542","targetHints":{"allow":["GET"]}}],"collection":[{"href":"https:\/\/www.rarom.ro\/index.php?rest_route=\/wp\/v2\/posts"}],"about":[{"href":"https:\/\/www.rarom.ro\/index.php?rest_route=\/wp\/v2\/types\/post"}],"author":[{"embeddable":true,"href":"https:\/\/www.rarom.ro\/index.php?rest_route=\/wp\/v2\/users\/3"}],"replies":[{"embeddable":true,"href":"https:\/\/www.rarom.ro\/index.php?rest_route=%2Fwp%2Fv2%2Fcomments&post=292542"}],"version-history":[{"count":9,"href":"https:\/\/www.rarom.ro\/index.php?rest_route=\/wp\/v2\/posts\/292542\/revisions"}],"predecessor-version":[{"id":298746,"href":"https:\/\/www.rarom.ro\/index.php?rest_route=\/wp\/v2\/posts\/292542\/revisions\/298746"}],"wp:attachment":[{"href":"https:\/\/www.rarom.ro\/index.php?rest_route=%2Fwp%2Fv2%2Fmedia&parent=292542"}],"wp:term":[{"taxonomy":"category","embeddable":true,"href":"https:\/\/www.rarom.ro\/index.php?rest_route=%2Fwp%2Fv2%2Fcategories&post=292542"},{"taxonomy":"post_tag","embeddable":true,"href":"https:\/\/www.rarom.ro\/index.php?rest_route=%2Fwp%2Fv2%2Ftags&post=292542"}],"curies":[{"name":"wp","href":"https:\/\/api.w.org\/{rel}","templated":true}]}}