{"id":292391,"date":"2022-08-30T16:32:00","date_gmt":"2022-08-30T13:32:00","guid":{"rendered":"https:\/\/81.196.106.21\/?p=292391"},"modified":"2023-07-18T10:44:34","modified_gmt":"2023-07-18T07:44:34","slug":"reprezentanta-rar-constanta-se-va-muta-intr-un-nou-sediu-2","status":"publish","type":"post","link":"https:\/\/www.rarom.ro\/?p=292391","title":{"rendered":"Reprezentan\u021ba RAR Constan\u021ba se va muta \u00eentr-un nou sediu"},"content":{"rendered":"<p style=\"text-align: justify;\"><a href=\"https:\/\/www.rarom.ro\/wp-content\/uploads\/2022\/08\/RAR-Constanta-harta-2.jpg\" target=\"_blank\" rel=\"noopener noreferrer\"><img loading=\"lazy\" decoding=\"async\" class=\"size-full wp-image-13690 aligncenter\" src=\"https:\/\/www.rarom.ro\/wp-content\/uploads\/2022\/08\/RAR-Constanta-harta-1.jpg\" alt=\"\" width=\"730\" height=\"428\" srcset=\"https:\/\/www.rarom.ro\/wp-content\/uploads\/2022\/08\/RAR-Constanta-harta-1.jpg 730w, https:\/\/www.rarom.ro\/wp-content\/uploads\/2022\/08\/RAR-Constanta-harta-1-300x176.jpg 300w\" sizes=\"auto, (max-width: 730px) 100vw, 730px\" \/><\/a><\/p>\n<p style=\"text-align: justify;\"><a href=\"https:\/\/www.rarom.ro\/wp-content\/uploads\/2022\/08\/RAR-Constanta.jpg\"><img loading=\"lazy\" decoding=\"async\" class=\"alignleft size-full wp-image-13682\" src=\"https:\/\/www.rarom.ro\/wp-content\/uploads\/2022\/08\/RAR-Constanta.jpg\" alt=\"\" width=\"300\" height=\"205\" \/><\/a>Reprezentan\u021ba RAR Constan\u021ba va func\u021biona \u00eentr-un nou sediu, \u00een comuna Agigea, \u00eencep\u00e2nd cu data de 19 septembrie 2022. Viitorul amplasament \u00eenchiriat va dispune de o cl\u0103dire \u0219i un teren care corespund specificului activit\u0103\u021bilor pe care le desf\u0103\u0219ur\u0103m, prezent\u00e2nd spa\u021biu extins pentru zona de servicii \u0219i de sta\u021bionare a vehiculelor, posibilitatea de decongestionare a traficului \u00een zonele adiacente reprezentan\u021bei \u0219i acces facil pentru toate categoriile de vehicule.<\/p>\n<p style=\"text-align: justify;\">Noul sediu este localizat \u00een comuna Agigea, cu acces direct din DN 38 Agigea-Negru Vod\u0103 (strada Dimitrie Paciurea, nr. 64), iar mutarea a fost necesar\u0103, av\u00e2nd \u00een vedere proiectul Prim\u0103riei Municipiului Constan\u021ba pentru amenajarea unui parc pe terenul pe care este amplasat\u0103 \u00een prezent reprezentan\u021ba jude\u021bean\u0103 a Registrului Auto Rom\u00e2n.<\/p>\n<p style=\"text-align: justify;\">Pentru c\u0103 urmeaz\u0103 mutarea \u0219i instalarea echipamentelor necesare desf\u0103\u0219ur\u0103rii activit\u0103\u021bilor, inclusiv a infrastructurii informatice, preconiz\u0103m c\u0103 data 8 septembrie va fi ultima zi \u00een care vom oferi servicii \u00een actualul sediu din municipiul Constan\u021ba.<\/p>\n<p style=\"text-align: justify;\">\u00cen intervalul 9-16 septembrie, \u00eei rug\u0103m pe to\u021bi cei care au nevoie de servicii care nu necesit\u0103 programare (de exemplu: redob\u00e2ndire certificat de \u00eenmatriculare) s\u0103 se adreseze reprezentan\u021belor din jude\u021bele \u00eenvecinate (Tulcea, C\u0103l\u0103ra\u0219i, Ialomi\u021ba).<\/p>\n<p style=\"text-align: justify;\">Registrul Auto Rom\u00e2n s-a asigurat c\u0103 toate program\u0103rile \u00eenregistrate pentru perioada \u00een care va fi suspendat\u0103 activitatea vor fi onorate \u00een avans.<\/p>\n<p style=\"text-align: justify;\">Vom reveni cu alte detalii \u00een apropierea termenului estimat pentru reluarea activit\u0103\u021bilor \u00een noul sediu.<\/p>\n<p style=\"text-align: justify;\">Biroul de pres\u0103<br \/>\nRegistrul Auto Rom\u00e2n<\/p>\n<p style=\"text-align: right;\">\n","protected":false},"excerpt":{"rendered":"<p>Reprezentan\u021ba RAR Constan\u021ba va func\u021biona \u00eentr-un nou sediu, \u00een comuna Agigea, \u00eencep\u00e2nd cu data de 19 septembrie 2022. Viitorul amplasament \u00eenchiriat va dispune de o cl\u0103dire \u0219i un teren care corespund specificului activit\u0103\u021bilor pe care le desf\u0103\u0219ur\u0103m, prezent\u00e2nd spa\u021biu extins pentru zona de servicii \u0219i de sta\u021bionare a vehiculelor, posibilitatea de decongestionare a traficului \u00een [&hellip;]<\/p>\n","protected":false},"author":3,"featured_media":0,"comment_status":"closed","ping_status":"open","sticky":false,"template":"","format":"standard","meta":{"_acf_changed":false,"footnotes":""},"categories":[9],"tags":[],"class_list":["post-292391","post","type-post","status-publish","format-standard","hentry","category-informari"],"acf":[],"_links":{"self":[{"href":"https:\/\/www.rarom.ro\/index.php?rest_route=\/wp\/v2\/posts\/292391","targetHints":{"allow":["GET"]}}],"collection":[{"href":"https:\/\/www.rarom.ro\/index.php?rest_route=\/wp\/v2\/posts"}],"about":[{"href":"https:\/\/www.rarom.ro\/index.php?rest_route=\/wp\/v2\/types\/post"}],"author":[{"embeddable":true,"href":"https:\/\/www.rarom.ro\/index.php?rest_route=\/wp\/v2\/users\/3"}],"replies":[{"embeddable":true,"href":"https:\/\/www.rarom.ro\/index.php?rest_route=%2Fwp%2Fv2%2Fcomments&post=292391"}],"version-history":[{"count":2,"href":"https:\/\/www.rarom.ro\/index.php?rest_route=\/wp\/v2\/posts\/292391\/revisions"}],"predecessor-version":[{"id":294615,"href":"https:\/\/www.rarom.ro\/index.php?rest_route=\/wp\/v2\/posts\/292391\/revisions\/294615"}],"wp:attachment":[{"href":"https:\/\/www.rarom.ro\/index.php?rest_route=%2Fwp%2Fv2%2Fmedia&parent=292391"}],"wp:term":[{"taxonomy":"category","embeddable":true,"href":"https:\/\/www.rarom.ro\/index.php?rest_route=%2Fwp%2Fv2%2Fcategories&post=292391"},{"taxonomy":"post_tag","embeddable":true,"href":"https:\/\/www.rarom.ro\/index.php?rest_route=%2Fwp%2Fv2%2Ftags&post=292391"}],"curies":[{"name":"wp","href":"https:\/\/api.w.org\/{rel}","templated":true}]}}