{"id":292388,"date":"2022-11-11T16:13:00","date_gmt":"2022-11-11T14:13:00","guid":{"rendered":"https:\/\/81.196.106.21\/?p=292388"},"modified":"2023-06-14T16:13:50","modified_gmt":"2023-06-14T13:13:50","slug":"rar-face-echipa-cu-specialistii-francezi-din-zona-tehnicii-auto-2","status":"publish","type":"post","link":"https:\/\/www.rarom.ro\/?p=292388","title":{"rendered":"RAR face echip\u0103 cu speciali\u0219tii francezi din zona tehnicii auto!"},"content":{"rendered":"<p style=\"text-align: justify;\">Luna noiembrie a debutat cu un eveniment notabil pentru Registrul Auto Rom\u00e2n. Directorul RAR, Alina Ni\u021b\u0103, a primit Ia sediul institu\u021biei o delega\u021bie francez\u0103, format\u0103 din speciali\u0219ti \u00een domeniul \u00eencerc\u0103rilor de autovehicule din Fran\u021ba. Este vorba despre reprezentan\u021bi ai companiei \u201eUTAC\u201d \u2013 <em>L\u2019UNION TECHNIQUE DE L\u2019AUTOMOBILE DU MOTOCYCLE ET DU CYCLE.<\/em> (Serviciul Tehnic francez responsabil cu \u00eencerc\u0103rile de omologare \u0219i supraveghere a pie\u0163ei autovehiculelor \u0219i remorcilor acestora, precum \u0219i ale sistemelor, componentelor \u0219i unit\u0103\u0163ilor tehnice separate, destinate vehiculelor respective)<\/p>\n<p><a href=\"https:\/\/www.rarom.ro\/wp-content\/uploads\/2022\/11\/delegatie-franta-DOT-1.jpg\"><img loading=\"lazy\" decoding=\"async\" class=\"size-full wp-image-14085 aligncenter\" src=\"https:\/\/www.rarom.ro\/wp-content\/uploads\/2022\/11\/delegatie-franta-DOT-1.jpg\" alt=\"\" width=\"730\" height=\"540\" srcset=\"https:\/\/www.rarom.ro\/wp-content\/uploads\/2022\/11\/delegatie-franta-DOT-1.jpg 730w, https:\/\/www.rarom.ro\/wp-content\/uploads\/2022\/11\/delegatie-franta-DOT-1-300x222.jpg 300w\" sizes=\"auto, (max-width: 730px) 100vw, 730px\" \/><\/a><\/p>\n<p style=\"text-align: justify;\">\u00cen imagine, de la st\u00e2nga la dreapta: Marius Damachi (\u0218ef DOT \u2013 RAR), Antoine Pamart (Director Omolog\u0103ri \u2013 UTAC), C\u00e9line Vallaude (responsabil al serviciului de reglementari \u0219i expertiz\u0103 a managementului-UTAC), Laurent Benoit (CEO \u2013 UTAC), Alina Ni\u021b\u0103 (Director General \u2013 RAR), George Dinc\u0103 (Director Infrastructur\u0103 \u2013 RAR), Frantz Jourda (responsabil al serviciului de \u00eencerc\u0103ri ADAS \u2013 UTAC), Cristian Bucur (Director Tehnic \u2013 RAR)<\/p>\n<p style=\"text-align: justify;\">La \u00eent\u00e2lnire s-a convenit asupra unui parteneriat cadru \u00eentre RAR \u0219i UTAC \u00een domeniul \u00eencerc\u0103rilor \u0219i omolog\u0103rilor vehiculelor rutiere c\u00e2t \u0219i a produselor destinate acestora. Dup\u0103 discu\u021biile avute cu aceast\u0103 ocazie, vor fi parcurse urm\u0103toarele etape ale colabor\u0103rii \u00eentre cele doua entit\u0103\u021bi:<\/p>\n<p style=\"text-align: justify;\">\n&#8211; Extinderea gamei de domenii reglementare aplicabile la omologarea de tip, men\u021bionate de Regulamentul UE 2018\/858, pentru care Registrul Auto Rom\u00e2n ac\u021bioneaz\u0103 ca autoritate de omologare \u0219i UTAC ca serviciu tehnic responsabil cu \u00eencerc\u0103rile oficiale;<\/p>\n<p>&#8211; Efectuarea \u00een sistem de cooperare, \u00een Rom\u00e2nia, a \u00eencerc\u0103rilor specifice noilor domenii reglementare pentru ADAS \u2013 <em>Advanced Driver Assistance Systems;<\/em><\/p>\n<p>&#8211; Efectuarea activit\u0103\u021bilor specifice verific\u0103rii conformit\u0103\u021bii produselor cu tipul omologat;<\/p>\n<p style=\"text-align: justify;\">&#8211; Efectuarea activit\u0103\u021bilor specifice \u00eencerc\u0103rilor pentru supravegherea pie\u021bei UE.<\/p>\n<p style=\"text-align: justify;\">Partenerii francezi au fost \u00eenc\u00e2nta\u021bi s\u0103 viziteze la Bucure\u0219ti laboratoarele de \u00eencerc\u0103ri ale RAR, dar \u0219i alte entit\u0103\u021bi din cadrul regiei responsabile cu activit\u0103\u021bile de omologare a autovehiculelor rutiere, confirm\u00e2nd faptul c\u0103 parteneriatul cu RAR va duce la dezvoltarea \u00een Rom\u00e2nia a activit\u0103\u021bilor de validare \u0219i omologare pentru noile tehnologii de asisten\u021b\u0103 a conducerii autovehiculelor, ce vor deveni obligatorii \u00een Europa din 2024.<\/p>\n<p><a href=\"https:\/\/www.rarom.ro\/wp-content\/uploads\/2022\/11\/delegatie-franta-DOT-2-1.jpg\"><img loading=\"lazy\" decoding=\"async\" class=\"size-full wp-image-14089 aligncenter\" src=\"https:\/\/www.rarom.ro\/wp-content\/uploads\/2022\/11\/delegatie-franta-DOT-2-1.jpg\" alt=\"\" width=\"730\" height=\"547\" srcset=\"https:\/\/www.rarom.ro\/wp-content\/uploads\/2022\/11\/delegatie-franta-DOT-2-1.jpg 730w, https:\/\/www.rarom.ro\/wp-content\/uploads\/2022\/11\/delegatie-franta-DOT-2-1-300x225.jpg 300w, https:\/\/www.rarom.ro\/wp-content\/uploads\/2022\/11\/delegatie-franta-DOT-2-1-315x235.jpg 315w\" sizes=\"auto, (max-width: 730px) 100vw, 730px\" \/><\/a><\/p>\n<p style=\"text-align: right;\"><em>Comunicatul de pres\u0103 a fost publicat \u00een data de&nbsp;11 \/ 11 \/ 2022<\/em><\/p>\n","protected":false},"excerpt":{"rendered":"<p>Luna noiembrie a debutat cu un eveniment notabil pentru Registrul Auto Rom\u00e2n. Directorul RAR, Alina Ni\u021b\u0103, a primit Ia sediul institu\u021biei o delega\u021bie francez\u0103, format\u0103 din speciali\u0219ti \u00een domeniul \u00eencerc\u0103rilor de autovehicule din Fran\u021ba. Este vorba despre reprezentan\u021bi ai companiei \u201eUTAC\u201d \u2013 L\u2019UNION TECHNIQUE DE L\u2019AUTOMOBILE DU MOTOCYCLE ET DU CYCLE. (Serviciul Tehnic francez responsabil [&hellip;]<\/p>\n","protected":false},"author":3,"featured_media":0,"comment_status":"closed","ping_status":"open","sticky":false,"template":"","format":"standard","meta":{"_acf_changed":false,"footnotes":""},"categories":[9],"tags":[],"class_list":["post-292388","post","type-post","status-publish","format-standard","hentry","category-informari"],"acf":[],"_links":{"self":[{"href":"https:\/\/www.rarom.ro\/index.php?rest_route=\/wp\/v2\/posts\/292388","targetHints":{"allow":["GET"]}}],"collection":[{"href":"https:\/\/www.rarom.ro\/index.php?rest_route=\/wp\/v2\/posts"}],"about":[{"href":"https:\/\/www.rarom.ro\/index.php?rest_route=\/wp\/v2\/types\/post"}],"author":[{"embeddable":true,"href":"https:\/\/www.rarom.ro\/index.php?rest_route=\/wp\/v2\/users\/3"}],"replies":[{"embeddable":true,"href":"https:\/\/www.rarom.ro\/index.php?rest_route=%2Fwp%2Fv2%2Fcomments&post=292388"}],"version-history":[{"count":1,"href":"https:\/\/www.rarom.ro\/index.php?rest_route=\/wp\/v2\/posts\/292388\/revisions"}],"predecessor-version":[{"id":292389,"href":"https:\/\/www.rarom.ro\/index.php?rest_route=\/wp\/v2\/posts\/292388\/revisions\/292389"}],"wp:attachment":[{"href":"https:\/\/www.rarom.ro\/index.php?rest_route=%2Fwp%2Fv2%2Fmedia&parent=292388"}],"wp:term":[{"taxonomy":"category","embeddable":true,"href":"https:\/\/www.rarom.ro\/index.php?rest_route=%2Fwp%2Fv2%2Fcategories&post=292388"},{"taxonomy":"post_tag","embeddable":true,"href":"https:\/\/www.rarom.ro\/index.php?rest_route=%2Fwp%2Fv2%2Ftags&post=292388"}],"curies":[{"name":"wp","href":"https:\/\/api.w.org\/{rel}","templated":true}]}}